[{"@context":"https:\/\/schema.org\/","@type":"Article","@id":"https:\/\/www.annadea.cz\/dovolena-s-tim-pravym\/#Article","mainEntityOfPage":"https:\/\/www.annadea.cz\/dovolena-s-tim-pravym\/","headline":"Dovolen\u00e1 s t\u00edm prav\u00fdm","name":"Dovolen\u00e1 s t\u00edm prav\u00fdm","description":"Jednoho dne jsem zahl\u00e9dla charismatick\u00e9ho mu\u017ee a kdy\u017e jsem pohl\u00e9dla do jeho o\u010d\u00ed, tak jsem se v\u00a0nich utopila. Zamilovala jsem se do o\u010d\u00ed, hlasu, rt\u016f a tak\u00e9 do du\u0161e jak\u00fd on je. Byla jsem zamilovan\u00e1, ale on to nev\u011bd\u011bl. Chodili jsme se proch\u00e1zet do parku, m\u011bsta a lesa. B\u00e1la jsem se, ale z\u00e1rove\u0148 jsem se [&hellip;]","datePublished":"2022-08-16","dateModified":"2023-04-29","author":{"@type":"Person","@id":"https:\/\/www.annadea.cz\/author\/#Person","name":"","url":"https:\/\/www.annadea.cz\/author\/","identifier":1,"image":{"@type":"ImageObject","@id":"https:\/\/secure.gravatar.com\/avatar\/cbcb92d2d459f60d1dc08d6e5973c6b0ed1017e8a3b51da0599e03841cfa81e6?s=96&d=mm&r=g","url":"https:\/\/secure.gravatar.com\/avatar\/cbcb92d2d459f60d1dc08d6e5973c6b0ed1017e8a3b51da0599e03841cfa81e6?s=96&d=mm&r=g","height":96,"width":96}},"publisher":{"@type":"Organization","name":"annadea.cz","logo":{"@type":"ImageObject","@id":"\/logo.png","url":"\/logo.png","width":600,"height":60}},"image":{"@type":"ImageObject","@id":"https:\/\/www.annadea.cz\/wp-content\/uploads\/jetty-1834801_960_720_1.jpg","url":"https:\/\/www.annadea.cz\/wp-content\/uploads\/jetty-1834801_960_720_1.jpg","height":0,"width":0},"url":"https:\/\/www.annadea.cz\/dovolena-s-tim-pravym\/","about":["Dovolen\u00e1"],"wordCount":449,"articleBody":"Jednoho dne jsem zahl\u00e9dla charismatick\u00e9ho mu\u017ee a kdy\u017e jsem pohl\u00e9dla do jeho o\u010d\u00ed, tak jsem se v\u00a0nich utopila. Zamilovala jsem se do o\u010d\u00ed, hlasu, rt\u016f a tak\u00e9 do du\u0161e jak\u00fd on je. Byla jsem zamilovan\u00e1, ale on to nev\u011bd\u011bl. Chodili jsme se proch\u00e1zet do parku, m\u011bsta a lesa. B\u00e1la jsem se, ale z\u00e1rove\u0148 jsem se s\u00a0n\u00edm c\u00edtila moc hezky. Myslela jsem, \u017ee jsem jak ve filmu, kde pozn\u00e1te pravou l\u00e1sku. Melodii pro va\u0161e srdce a slova pro v\u00e1\u0161 p\u0159\u00edb\u011bh. Byla jsem zamilovan\u00e1 dva roky a \u010dekala na jednoho mu\u017ee, kde\u017eto jich je na zemi dal\u0161\u00edch des\u00edtek tis\u00edc, ale j\u00e1 byla zamilovan\u00e1 jenom do jednoho. A pro\u010d? \u0160la jsem u\u017e na n\u011bkolik\u00e1t\u00e9 rande a st\u00e1le jsem se do nikoho nezamilovala. Pro\u010d? \u017de by prav\u00e1 l\u00e1ska? Po ka\u017edodenn\u00edm psan\u00ed od r\u00e1na do noci se na m\u011bs\u00edc p\u0159etrhli ve\u0161ker\u00fd kontakty. Ale po celou dobu jsem na tebe myslela. A p\u0159\u00e1la jsem ti jenom to nejlep\u0161\u00ed, ale kdy\u017e za\u010dali V\u00e1noce, tak jsem si \u0159ekla, \u017ee by se mohlo st\u00e1t, abychom se vid\u011bli. Tak jsem mu napsala, \u017ee m\u00e1m pro n\u011bho d\u00e1rek. Setkali jsme se a nepsal mi, proto\u017ee m\u011b necht\u011bl tr\u00e1pit. Zamiloval se do m\u011b a j\u00e1 taky. Vyznali jsme si city a po m\u011bs\u00edci vztahu jsme se k\u00a0sob\u011b nast\u011bhovali.\u00a0Na\u0161e l\u00e1ska za\u010d\u00ednala moc hezky. P\u0159\u00edtel u\u017e n\u011bkolik let pracoval, kde\u017eto j\u00e1 si pr\u00e1ci zrovna sh\u00e1n\u011bla. Kone\u010dn\u011b mi ub\u011bhla 3m\u011bs\u00ed\u010dn\u00ed zku\u0161ebn\u00ed doba a j\u00e1 si mohla vy\u010derpat prvn\u00ed dovolenou. Byla to na\u0161e prvn\u00ed dovolen\u00e1. St\u00e1le to nech\u00e1pu. Jste zamilovan\u00fd do mu\u017ee dva roky s\u00a0p\u0159edstavou, \u017ee spolu nikdy nebudete a te\u010f s\u00a0n\u00edm bydl\u00edte a pl\u00e1nujete svou spole\u010dnou prvn\u00ed dovolenou. Je to hust\u00fd. Jsem tak \u0161\u0165astn\u00e1! Hledali jsme n\u011bjakou dovolenou kam bychom asi tak mohli. A na\u0161li jsme za hezk\u00e9 pen\u00edze pobyt v\u00a0Pa\u0159\u00ed\u017ei. Bylo to n\u00e1dhern\u00e9. Francouzsk\u00e9 sn\u00eddan\u011b, francouzsk\u00e9 obleky a Eiffelova v\u011b\u017e. Kr\u00e1sn\u00e9 a zamilovan\u00e9 m\u00edsto. Kouzeln\u00e9. A v\u00edte, co bylo kouzeln\u011bj\u0161\u00ed? V\u00edm, \u017ee to d\u011bl\u00e1 skoro ka\u017ed\u00fd, ale v\u017edy jsem si p\u0159\u00e1la si s\u00a0n\u011bk\u00fdm zamknout z\u00e1mek na z\u00e1bradl\u00ed. Hotovo a je to spln\u011bno. Pa\u0159\u00ed\u017e byla ta nejkr\u00e1sn\u011bj\u0161\u00ed dovolen\u00e1 s\u00a0t\u00edm nej\u00fa\u017easn\u011bj\u0161\u00edm mu\u017eem m\u00e9ho \u017eivota.                                                                                                                                                                                                                                                                                                                                                                                         4.1\/5 - (9 votes)        "},{"@context":"https:\/\/schema.org\/","@type":"BreadcrumbList","itemListElement":[{"@type":"ListItem","position":1,"name":"Dovolen\u00e1 s t\u00edm prav\u00fdm","item":"https:\/\/www.annadea.cz\/dovolena-s-tim-pravym\/#breadcrumbitem"}]}]