[{"@context":"https:\/\/schema.org\/","@type":"Article","@id":"https:\/\/www.annadea.cz\/jaka-mista-v-zahranici-a-v-cr-jsem-navstivila\/#Article","mainEntityOfPage":"https:\/\/www.annadea.cz\/jaka-mista-v-zahranici-a-v-cr-jsem-navstivila\/","headline":"Jak\u00e1 m\u00edsta v zahrani\u010d\u00ed a v \u010cR jsem nav\u0161t\u00edvila?","name":"Jak\u00e1 m\u00edsta v zahrani\u010d\u00ed a v \u010cR jsem nav\u0161t\u00edvila?","description":"Za doby komunismu jsme nemohli cestovat kam jsme cht\u011bli, co\u017e v dne\u0161n\u00ed dob\u011b u\u017e sm\u00edme. Na druhou stranu ale cestov\u00e1n\u00ed v dob\u011b, kdy je na Ukrajin\u011b v\u00e1lka, je stejn\u011b nemo\u017en\u00e9 jako za komunismu. Proto\u017ee nyn\u00ed je jak\u00e9koli cestov\u00e1n\u00ed kamkoli \u0161\u00edlen\u011b moc drah\u00e9. Tak\u017ee se n\u00e1m to v\u00edce m\u00e9n\u011b ani moc nevyplat\u00ed. A mnohem lep\u0161\u00ed je [&hellip;]","datePublished":"2022-03-30","dateModified":"2023-04-29","author":{"@type":"Person","@id":"https:\/\/www.annadea.cz\/author\/#Person","name":"","url":"https:\/\/www.annadea.cz\/author\/","identifier":1,"image":{"@type":"ImageObject","@id":"https:\/\/secure.gravatar.com\/avatar\/cbcb92d2d459f60d1dc08d6e5973c6b0ed1017e8a3b51da0599e03841cfa81e6?s=96&d=mm&r=g","url":"https:\/\/secure.gravatar.com\/avatar\/cbcb92d2d459f60d1dc08d6e5973c6b0ed1017e8a3b51da0599e03841cfa81e6?s=96&d=mm&r=g","height":96,"width":96}},"publisher":{"@type":"Organization","name":"annadea.cz","logo":{"@type":"ImageObject","@id":"\/logo.png","url":"\/logo.png","width":600,"height":60}},"image":{"@type":"ImageObject","@id":"https:\/\/annadea.cz\/wp-content\/uploads\/polynesia-3021072_960_720_1.jpg","url":"https:\/\/annadea.cz\/wp-content\/uploads\/polynesia-3021072_960_720_1.jpg","height":"","width":""},"url":"https:\/\/www.annadea.cz\/jaka-mista-v-zahranici-a-v-cr-jsem-navstivila\/","about":["Cestov\u00e1n\u00ed"],"wordCount":471,"articleBody":"Za doby komunismu jsme nemohli cestovat kam jsme cht\u011bli, co\u017e v dne\u0161n\u00ed dob\u011b u\u017e sm\u00edme. Na druhou stranu ale cestov\u00e1n\u00ed v dob\u011b, kdy je na Ukrajin\u011b v\u00e1lka, je stejn\u011b nemo\u017en\u00e9 jako za komunismu. Proto\u017ee nyn\u00ed je jak\u00e9koli cestov\u00e1n\u00ed kamkoli \u0161\u00edlen\u011b moc drah\u00e9. Tak\u017ee se n\u00e1m to v\u00edce m\u00e9n\u011b ani moc nevyplat\u00ed. A mnohem lep\u0161\u00ed je pro n\u00e1s vydat se n\u011bkam po \u010cesk\u00e9 republice i kdy\u017e to je nyn\u00ed u\u017e taky docela drah\u00e9. Kdy\u017e jsem p\u0159ed rokem po dob\u011b covidov\u00e9 koukala, kam bychom s mamkou mohly vyrazit, jedin\u00e9, co p\u0159ipadalo v \u00favahu bylo Bulharsko. Jinak bylo v\u0161echno \u0161\u00edlen\u011b moc drah\u00e9. Co se t\u00fdk\u00e1 m\u011b a toho co jsem procestovala, tak jsem byla v Polsku p\u0159\u00edmo v Krakov\u011b, pak Chorvatsku, kdy\u017e mi bylo asi 10 let a mus\u00edm \u0159\u00edci, \u017ee tam je opravdu kr\u00e1sn\u00e9 mo\u0159e. Tak\u00e9 v It\u00e1lii, kde jsem vid\u011bla spoustu pam\u00e1tek. T\u0159eba na Slovensku jsem v \u017eivot\u011b nebyla, a\u010dkoli jsem si to v\u017edycky moc p\u0159\u00e1la, dokonce ani u n\u00e1s v \u010cR na Morav\u011b. v It\u00e1lii jsem byla v Lopianu a pak i v \u0158\u00edm\u011b. R\u00e1da bych se pod\u00edvala t\u0159eba do Francie, konkr\u00e9tn\u011b do Pa\u0159\u00ed\u017ee, nebo do \u0158ecka, tam je pr\u00fd kr\u00e1sn\u011b \u010dist\u00e9 mo\u0159e. J\u00e1 teda konkr\u00e9tn\u011b m\u00e1m rad\u0161i hory ne\u017e mo\u0159e, odjak\u017eiva. Mo\u0159e je fajn, ale j\u00e1 m\u00e1m rad\u0161i pohyb a proch\u00e1zky p\u0159\u00edrodou ne\u017e se jen vyvalovat u mo\u0159e na pl\u00e1\u017ei. U n\u00e1s v \u010cesk\u00e9 republice jsem byla u Jizersk\u00fdch hor, v Krkono\u0161\u00edch, v Orlick\u00fdch hor\u00e1ch. Mysl\u00edm si, \u017ee m\u00e1me opravdu kr\u00e1sn\u00e9 hory. Ty proch\u00e1zky a zasn\u011b\u017een\u00e9 v\u00fdhledy jsou opravdu n\u00e1dhern\u00e9 a pro m\u011b je to mnohem kr\u00e1sn\u011bj\u0161\u00ed ne\u017e mo\u0159e. Ned\u00e1vno jsme m\u011bli jet na Sn\u011b\u017eku, ale nakonec to nevy\u0161lo. To je m\u00edsto, kam bych se v brzk\u00e9 dob\u011b cht\u011bla j\u00edt pod\u00edvat a vyj\u00edt si Sn\u011b\u017eku, zaj\u00edmalo by m\u011b, zda je to nam\u00e1hav\u00e9 vyj\u00edt si Sn\u011b\u017eku a celkov\u011b jak to tam v\u0161echno vlastn\u011b vypad\u00e1. Taky bych se n\u011bkdy moc r\u00e1da pod\u00edvala n\u011bkam t\u0159eba k oce\u00e1nu, nebo na n\u011bjak\u00fd ostrov. Tak\u00e9 Afrika si mysl\u00edm \u017ee m\u016f\u017ee b\u00fdt dost zaj\u00edmav\u00e1, ale tam bych si asi nikdy netroufla jet kv\u016fli r\u016fzn\u00fdm nemocem, je to pr\u00fd dost nebezpe\u010dn\u00e9\u00a8, lid\u00e9 tam trp\u00ed hlady a asi bych si netroufla tam jet. Ale jinak vycestovat n\u011bkam v\u00edc daleko a poznat jinou kulturu mus\u00ed b\u00fdt ur\u010dit\u011b moc fajn.                                                                                                                                                                                                                                                                                                                                                                                        4\/5 - (6 votes)        "},{"@context":"https:\/\/schema.org\/","@type":"BreadcrumbList","itemListElement":[{"@type":"ListItem","position":1,"name":"Jak\u00e1 m\u00edsta v zahrani\u010d\u00ed a v \u010cR jsem nav\u0161t\u00edvila?","item":"https:\/\/www.annadea.cz\/jaka-mista-v-zahranici-a-v-cr-jsem-navstivila\/#breadcrumbitem"}]}]