[{"@context":"https:\/\/schema.org\/","@type":"Article","@id":"https:\/\/www.annadea.cz\/kdyz-moderni-tak-se-vsim\/#Article","mainEntityOfPage":"https:\/\/www.annadea.cz\/kdyz-moderni-tak-se-vsim\/","headline":"Kdy\u017e modern\u00ed, tak se v\u0161\u00edm","name":"Kdy\u017e modern\u00ed, tak se v\u0161\u00edm","description":"Dne\u0161n\u00ed koupelnov\u00fd n\u00e1bytek se ub\u00edr\u00e1 \u00fapln\u011b jin\u00fdm sm\u011brem, ne\u017e ten klasick\u00fd, kter\u00fd zn\u00e1me des\u00edtky let. Najednou se p\u0159ed v\u00e1mi otev\u00edr\u00e1 m\u00edstnost, kter\u00e1 ji\u017e nen\u00ed jen nudn\u00fdm koutkem dom\u00e1cnosti, ale prostorem, kter\u00fd um\u00ed p\u0159ekvapit. Obklady a dla\u017eby maj\u00ed r\u016fzn\u00e9 barevn\u00e9 odst\u00edny a vzory, um\u00fdvadla a vany rovn\u011b\u017e nez\u016fst\u00e1vaj\u00ed pozadu. V kombinaci s p\u0159\u00edrodn\u00edmi materi\u00e1ly, jako je [&hellip;]","datePublished":"2023-07-11","dateModified":"2023-07-11","author":{"@type":"Person","@id":"https:\/\/www.annadea.cz\/author\/#Person","name":"","url":"https:\/\/www.annadea.cz\/author\/","identifier":1,"image":{"@type":"ImageObject","@id":"https:\/\/secure.gravatar.com\/avatar\/cbcb92d2d459f60d1dc08d6e5973c6b0ed1017e8a3b51da0599e03841cfa81e6?s=96&d=mm&r=g","url":"https:\/\/secure.gravatar.com\/avatar\/cbcb92d2d459f60d1dc08d6e5973c6b0ed1017e8a3b51da0599e03841cfa81e6?s=96&d=mm&r=g","height":96,"width":96}},"publisher":{"@type":"Organization","name":"annadea.cz","logo":{"@type":"ImageObject","@id":"\/logo.png","url":"\/logo.png","width":600,"height":60}},"url":"https:\/\/www.annadea.cz\/kdyz-moderni-tak-se-vsim\/","wordCount":235,"articleBody":"Dne\u0161n\u00ed koupelnov\u00fd n\u00e1bytek se ub\u00edr\u00e1 \u00fapln\u011b jin\u00fdm sm\u011brem, ne\u017e ten klasick\u00fd, kter\u00fd zn\u00e1me des\u00edtky let. Najednou se p\u0159ed v\u00e1mi otev\u00edr\u00e1 m\u00edstnost, kter\u00e1 ji\u017e nen\u00ed jen nudn\u00fdm koutkem dom\u00e1cnosti, ale prostorem, kter\u00fd um\u00ed p\u0159ekvapit. Obklady a dla\u017eby maj\u00ed r\u016fzn\u00e9 barevn\u00e9 odst\u00edny a vzory, um\u00fdvadla a vany rovn\u011b\u017e nez\u016fst\u00e1vaj\u00ed pozadu. V kombinaci s p\u0159\u00edrodn\u00edmi materi\u00e1ly, jako je nap\u0159\u00edklad d\u0159evo, z\u00edsk\u00e1te pocit, \u017ee se nejedn\u00e1 o m\u00edstnost pro hygienu, ale dal\u0161\u00ed p\u0159\u00edjemn\u00fd prostor, kde se d\u00e1 i relaxovat. Spole\u010dnost LE BON, s.r.o., kter\u00e1 dlouh\u00e1 l\u00e9ta pozorovala tradi\u010dn\u00ed i netradi\u010dn\u00ed styly, ud\u011bl\u00e1 z t\u00e9to m\u00edstnosti pr\u00e1v\u011b to modern\u00ed, netradi\u010dn\u00ed a dokonal\u00e9 m\u00edsto.\tDejte prostor fantaziiDnes u\u017e nen\u00ed dom\u00e1cnost jen o tom m\u00edt n\u00e1dhernou lo\u017enici, kuchy\u0148 a ob\u00fdvac\u00ed pokoj, ale pr\u00e1v\u011b i koupelnov\u00fd n\u00e1bytek. Ve stejn\u00e9m stylu se odr\u00e1\u017e\u00ed cel\u00fd interi\u00e9r a byla by \u0161koda zkazit dokonalost n\u011b\u010d\u00edm, co se do prostoru v\u016fbec nehod\u00ed. Pokud nechcete v t\u011bchto prostorech p\u0159ehnan\u00e9 modern\u00ed za\u0159\u00edzen\u00ed, m\u016f\u017eete z\u016fstat u p\u00e1r prvk\u016f, ale p\u0159izp\u016fsobit modern\u00ed dob\u011b jejich tvary a materi\u00e1ly. I s m\u00e1lem se daj\u00ed d\u011blat velk\u00e9 v\u011bci.                                                                                                                                                                                                                                                                                                                                                                                        4.2\/5 - (13 votes)        "},{"@context":"https:\/\/schema.org\/","@type":"BreadcrumbList","itemListElement":[{"@type":"ListItem","position":1,"name":"Kdy\u017e modern\u00ed, tak se v\u0161\u00edm","item":"https:\/\/www.annadea.cz\/kdyz-moderni-tak-se-vsim\/#breadcrumbitem"}]}]