[{"@context":"https:\/\/schema.org\/","@type":"Article","@id":"https:\/\/www.annadea.cz\/letni-koncerty\/#Article","mainEntityOfPage":"https:\/\/www.annadea.cz\/letni-koncerty\/","headline":"Letn\u00ed koncerty","name":"Letn\u00ed koncerty","description":"Po romantick\u00e9 proch\u00e1zce Prahou b\u00fdv\u00e1 n\u00e1v\u0161t\u011bva koncertn\u00ed s\u00edn\u011b ide\u00e1ln\u00edm zakon\u010den\u00edm dne. Nav\u0161t\u00edvit st\u00e1lou expozici \u017did\u00e9 v \u010desk\u00fdch zem\u00edch, kter\u00e1 seznamuje n\u00e1v\u0161t\u011bvn\u00edky s osudy \u017did\u016f od 80. let 18. stolet\u00ed a\u017e do pov\u00e1le\u010dn\u00e9ho obdob\u00ed, ur\u010dit\u011b p\u0159iv\u00edtaj\u00ed v\u0161ichni milovn\u00edci historie. Na prohl\u00eddkov\u00e9m okruhu \u017didovsk\u00e9ho muzea a Pra\u017esk\u00e9ho \u017didovsk\u00e9ho M\u011bsta, kter\u00e9 lze zkombinovat s n\u00e1v\u0161t\u011bvou Galerie Roberta Guttmana, [&hellip;]","datePublished":"2025-06-03","dateModified":"2025-06-03","author":{"@type":"Person","@id":"https:\/\/www.annadea.cz\/author\/#Person","name":"","url":"https:\/\/www.annadea.cz\/author\/","identifier":1,"image":{"@type":"ImageObject","@id":"https:\/\/secure.gravatar.com\/avatar\/cbcb92d2d459f60d1dc08d6e5973c6b0ed1017e8a3b51da0599e03841cfa81e6?s=96&d=mm&r=g","url":"https:\/\/secure.gravatar.com\/avatar\/cbcb92d2d459f60d1dc08d6e5973c6b0ed1017e8a3b51da0599e03841cfa81e6?s=96&d=mm&r=g","height":96,"width":96}},"publisher":{"@type":"Organization","name":"annadea.cz","logo":{"@type":"ImageObject","@id":"\/logo.png","url":"\/logo.png","width":600,"height":60}},"image":{"@type":"ImageObject","@id":"https:\/\/www.annadea.cz\/wp-content\/uploads\/prague-1168302_640_10.jpg","url":"https:\/\/www.annadea.cz\/wp-content\/uploads\/prague-1168302_640_10.jpg","height":0,"width":0},"url":"https:\/\/www.annadea.cz\/letni-koncerty\/","about":["Byznys"],"wordCount":409,"articleBody":"       Po romantick\u00e9 proch\u00e1zce Prahou b\u00fdv\u00e1 n\u00e1v\u0161t\u011bva koncertn\u00ed s\u00edn\u011b ide\u00e1ln\u00edm zakon\u010den\u00edm dne. Nav\u0161t\u00edvit st\u00e1lou expozici \u017did\u00e9 v \u010desk\u00fdch zem\u00edch, kter\u00e1 seznamuje n\u00e1v\u0161t\u011bvn\u00edky s osudy \u017did\u016f od 80. let 18. stolet\u00ed a\u017e do pov\u00e1le\u010dn\u00e9ho obdob\u00ed, ur\u010dit\u011b p\u0159iv\u00edtaj\u00ed v\u0161ichni milovn\u00edci historie. Na prohl\u00eddkov\u00e9m okruhu \u017didovsk\u00e9ho muzea a Pra\u017esk\u00e9ho \u017didovsk\u00e9ho M\u011bsta, kter\u00e9 lze zkombinovat s n\u00e1v\u0161t\u011bvou Galerie Roberta Guttmana, je mo\u017en\u00e9 nahl\u00e9dnout do minulosti, kter\u00e9 se na tomto m\u00edst\u011b odehr\u00e1valy b\u011bhem posledn\u00edch dv\u011b st\u011b let. Pravideln\u00e9 bohoslu\u017eby a oslavy \u017eidovsk\u00fdch sv\u00e1tk\u016f jsou ve \u0160pan\u011blsk\u00e9 synagoze, stejn\u011b jako po\u0159\u00e1d\u00e1n\u00ed pravideln\u00fdch koncert\u016f komorn\u00ed hudby, hojn\u011b nav\u0161t\u011bvov\u00e1ny p\u0159ev\u00e1\u017en\u011b n\u00e1v\u0161t\u011bvn\u00edky Prahy.Velkou v\u00fdhodou, \u017ee koncerty jsou ve \u0160pan\u011blsk\u00e9 synagoze po\u0159\u00e1d\u00e1ny i b\u011bhem pr\u00e1zdnin, je mo\u017enost n\u00e1v\u0161t\u011bvy i rodin s d\u011btmi. Pro kter\u00e9 to mnohdy b\u00fdv\u00e1 prvn\u00ed sezn\u00e1men\u00ed s t\u00edmto druhem hudby. A \u017ee je i toto l\u00e9to z \u010deho vyb\u00edrat ocen\u00ed ka\u017ed\u00fd, kdo m\u00e1 v\u00e1\u017enou hudbu r\u00e1d. Komorn\u00ed soubor Czech Collegium se sv\u00fdmi s\u00f3listy je z\u00e1rukou p\u0159ipravit pro sv\u00e9 poslucha\u010de nezapomenuteln\u00fd z\u00e1\u017eitek. Profesion\u00e1ln\u011b proveden\u00fd na t\u00e9 nejvy\u0161\u0161\u00ed \u00farovni. Co\u017e potvrd\u00ed v\u0161ichni, kte\u0159\u00ed tyto koncerty pravideln\u011b nav\u0161t\u011bvuj\u00ed. Pr\u00e1zdninov\u00fd program lze vyhledat na info \u0161pan\u011blsk\u00e1 synagoga koncerty https:\/\/www.bmart.cz\/cs, a objednat vstupenky na vybran\u00e9 p\u0159edstaven\u00ed v p\u0159edstihu. Proto\u017ee \u010dasto b\u00fdvaj\u00ed vyprod\u00e1ny. Snad nejlep\u0161\u00ed volbou, pokud na koncert v\u00e1\u017en\u00e9 hudby do \u0160pan\u011blsk\u00e9 synagogy budete cht\u00edt pozvat i svoje d\u011bti, je p\u0159edstaven\u00ed sv\u011btov\u00e9ho Ravelova Bolera a \u00e1rie z Carmina Burany, skladatele C. Orffa. S umocn\u011bn\u00edm zp\u011bvu \u017eidovsk\u00fdch p\u00edsn\u00ed, kter\u00fd vytvo\u0159\u00ed magickou atmosf\u00e9ru. Na programu tohoto ve\u010dera jsou i dal\u0161\u00ed zn\u00e1m\u00e9 melodie ze sv\u011btozn\u00e1m\u00fdch d\u011bl G. Rossiniho, G. Verdiho, G. Gershwina, A. L. Webera a dal\u0161\u00edch. Nejen rodi\u010de, ale i jejich potomci si z tohoto romantick\u00e9ho ve\u010dera \u010dasto odn\u00e1\u0161ej\u00ed nezapomenuteln\u00e9 vzpom\u00ednky. Kter\u00e9 je p\u0159ivedou k \u010dast\u011bj\u0161\u00edmu poslechu v\u00e1\u017en\u00e9 hudby. \u010c\u00edm\u017e si mnohdy obohat\u00ed cel\u00fd \u017eivot.                                                                                                                                                                                                                                                                                                                                                                                           4\/5 - (8 votes)        "},{"@context":"https:\/\/schema.org\/","@type":"BreadcrumbList","itemListElement":[{"@type":"ListItem","position":1,"name":"Letn\u00ed koncerty","item":"https:\/\/www.annadea.cz\/letni-koncerty\/#breadcrumbitem"}]}]