[{"@context":"https:\/\/schema.org\/","@type":"Article","@id":"https:\/\/www.annadea.cz\/neseme-si-za-sebe-zodpovednost\/#Article","mainEntityOfPage":"https:\/\/www.annadea.cz\/neseme-si-za-sebe-zodpovednost\/","headline":"Neseme si za sebe zodpov\u011bdnost","name":"Neseme si za sebe zodpov\u011bdnost","description":"Pokud by se n\u00e1hodou stalo, \u017ee bychom n\u011bjak \u0161patn\u011b vyplnili dan\u00e9 formul\u00e1\u0159e, ur\u010dit\u011b se nemus\u00edte ob\u00e1vat toho, \u017ee bychom V\u00e1m p\u0159id\u011blali starosti nav\u00edc. V\u0161echno chybn\u00e9 zaznamen\u00e1n\u00ed si vezmeme na vlastn\u00ed triko a nemus\u00edte se b\u00e1t toho, \u017ee bychom si st\u00e1li za t\u00edm, \u017ee za nic nem\u016f\u017eeme. Chyby zkr\u00e1tka d\u011bl\u00e1 ob\u010das ka\u017ed\u00fd. Ale d\u00edky na\u0161im obrovsk\u00fdm [&hellip;]","datePublished":"2023-08-16","dateModified":"2023-08-16","author":{"@type":"Person","@id":"https:\/\/www.annadea.cz\/author\/#Person","name":"","url":"https:\/\/www.annadea.cz\/author\/","identifier":1,"image":{"@type":"ImageObject","@id":"https:\/\/secure.gravatar.com\/avatar\/cbcb92d2d459f60d1dc08d6e5973c6b0ed1017e8a3b51da0599e03841cfa81e6?s=96&d=mm&r=g","url":"https:\/\/secure.gravatar.com\/avatar\/cbcb92d2d459f60d1dc08d6e5973c6b0ed1017e8a3b51da0599e03841cfa81e6?s=96&d=mm&r=g","height":96,"width":96}},"publisher":{"@type":"Organization","name":"annadea.cz","logo":{"@type":"ImageObject","@id":"\/logo.png","url":"\/logo.png","width":600,"height":60}},"url":"https:\/\/www.annadea.cz\/neseme-si-za-sebe-zodpovednost\/","wordCount":250,"articleBody":"Pokud by se n\u00e1hodou stalo, \u017ee bychom n\u011bjak \u0161patn\u011b vyplnili dan\u00e9 formul\u00e1\u0159e, ur\u010dit\u011b se nemus\u00edte ob\u00e1vat toho, \u017ee bychom V\u00e1m p\u0159id\u011blali starosti nav\u00edc. V\u0161echno chybn\u00e9 zaznamen\u00e1n\u00ed si vezmeme na vlastn\u00ed triko a nemus\u00edte se b\u00e1t toho, \u017ee bychom si st\u00e1li za t\u00edm, \u017ee za nic nem\u016f\u017eeme. Chyby zkr\u00e1tka d\u011bl\u00e1 ob\u010das ka\u017ed\u00fd. Ale d\u00edky na\u0161im obrovsk\u00fdm zku\u0161enostem jsou chybn\u00e9 z\u00e1znamy ve Va\u0161\u00ed evidenci pouze ojedin\u011bl\u00e9 a nest\u00e1vaj\u00ed se skoro v\u016fbec. Jestli\u017ee nev\u00edte, komu sv\u011b\u0159it evidenci svoj\u00ed spole\u010dnosti, ur\u010dit\u011b vyzkou\u0161ejte veden\u00ed \u00fa\u010detnictv\u00ed Praha. Jsme p\u0159esv\u011bd\u010deni, \u017ee si brzy z\u00edsk\u00e1me Va\u0161i d\u016fv\u011bru, d\u00edky na\u0161im znalostem a tak\u00e9 d\u00edky velice dob\u0159e odv\u00e1d\u011bn\u00e9 pr\u00e1ci. P\u0159ipojte se i Vy k mnoha na\u0161im spokojen\u00fdm klient\u016fm a vyu\u017eijte na\u0161ich jedine\u010dn\u00fdch slu\u017eeb, kter\u00e9 nikde jinde nenajdete!Jsme levn\u00edNa\u0161e spole\u010dnost V\u00e1m nenab\u00edz\u00ed pouze dob\u0159e ud\u011blanou pr\u00e1ci, ale tak\u00e9 velice n\u00edzk\u00e9 ceny, d\u00edky kter\u00fdm m\u016f\u017eete u\u0161et\u0159it obrovsk\u00e9 mno\u017estv\u00ed finan\u010dn\u00edch prost\u0159edk\u016f a investovat je nap\u0159\u00edklad do chodu Va\u0161\u00ed spole\u010dnosti. Pokud si mysl\u00edte, \u017ee n\u00edzk\u00e9 ceny znamenaj\u00ed \u0161patn\u011b zhotovenou pr\u00e1ci, tak jste na omylu. Alespo\u0148 u veden\u00ed \u00fa\u010detnictv\u00ed Praha!                                                                                                                                                                                                                                                                                                                                                                                        4.2\/5 - (8 votes)        "},{"@context":"https:\/\/schema.org\/","@type":"BreadcrumbList","itemListElement":[{"@type":"ListItem","position":1,"name":"Neseme si za sebe zodpov\u011bdnost","item":"https:\/\/www.annadea.cz\/neseme-si-za-sebe-zodpovednost\/#breadcrumbitem"}]}]