[{"@context":"https:\/\/schema.org\/","@type":"Blog","@id":"https:\/\/www.annadea.cz#Blog","headline":"Annadea","description":"\nJste podnikateli, kter\u00fdm se zrovna dob\u0159e nevede? A chcete tuto situaci radik\u00e1ln\u011b zm\u011bnit? Pak se na n\u00e1s obra\u0165te a ur\u010dit\u011b to spole\u010dn\u00fdmi silami zvl\u00e1dneme.","url":"https:\/\/www.annadea.cz","hasPart":[{"@type":"Article","@id":"https:\/\/www.annadea.cz\/navstevnici-nasich-zahrad\/","headline":"N\u00e1v\u0161t\u011bvn\u00edci na\u0161ich zahrad","url":"https:\/\/www.annadea.cz\/navstevnici-nasich-zahrad\/","datePublished":"2019-12-03","dateModified":"2023-04-29","mainEntityOfPage":"https:\/\/www.annadea.cz\/navstevnici-nasich-zahrad\/","author":{"@type":"Person","@id":"https:\/\/www.annadea.cz\/author\/#Person","name":"","url":"https:\/\/www.annadea.cz\/author\/","identifier":1,"image":{"@type":"ImageObject","@id":"https:\/\/secure.gravatar.com\/avatar\/cbcb92d2d459f60d1dc08d6e5973c6b0ed1017e8a3b51da0599e03841cfa81e6?s=96&d=mm&r=g","url":"https:\/\/secure.gravatar.com\/avatar\/cbcb92d2d459f60d1dc08d6e5973c6b0ed1017e8a3b51da0599e03841cfa81e6?s=96&d=mm&r=g","height":96,"width":96}},"publisher":{"@type":"Organization","name":"annadea.cz","logo":{"@type":"ImageObject","@id":"\/logo.png","url":"\/logo.png","width":600,"height":60}},"image":{"@type":"ImageObject","@id":"https:\/\/www.annadea.cz\/wp-content\/uploads\/img_a364480_w4388_t1577275442.jpg","url":"https:\/\/www.annadea.cz\/wp-content\/uploads\/img_a364480_w4388_t1577275442.jpg","height":0,"width":0},"wordCount":480,"keywords":null},{"@type":"Article","@id":"https:\/\/www.annadea.cz\/oddech-a-relaxace-v-zahrade\/","headline":"Oddech a relaxace v zahrad\u011b","url":"https:\/\/www.annadea.cz\/oddech-a-relaxace-v-zahrade\/","datePublished":"2019-12-02","dateModified":"2023-04-29","mainEntityOfPage":"https:\/\/www.annadea.cz\/oddech-a-relaxace-v-zahrade\/","author":{"@type":"Person","@id":"https:\/\/www.annadea.cz\/author\/#Person","name":"","url":"https:\/\/www.annadea.cz\/author\/","identifier":1,"image":{"@type":"ImageObject","@id":"https:\/\/secure.gravatar.com\/avatar\/cbcb92d2d459f60d1dc08d6e5973c6b0ed1017e8a3b51da0599e03841cfa81e6?s=96&d=mm&r=g","url":"https:\/\/secure.gravatar.com\/avatar\/cbcb92d2d459f60d1dc08d6e5973c6b0ed1017e8a3b51da0599e03841cfa81e6?s=96&d=mm&r=g","height":96,"width":96}},"publisher":{"@type":"Organization","name":"annadea.cz","logo":{"@type":"ImageObject","@id":"\/logo.png","url":"\/logo.png","width":600,"height":60}},"image":{"@type":"ImageObject","@id":"https:\/\/www.annadea.cz\/wp-content\/uploads\/img_a364845_w4392_t1577787622.jpg","url":"https:\/\/www.annadea.cz\/wp-content\/uploads\/img_a364845_w4392_t1577787622.jpg","height":0,"width":0},"wordCount":601,"keywords":null},{"@type":"Article","@id":"https:\/\/www.annadea.cz\/prace-s-lidmi\/","headline":"Pr\u00e1ce s lidmi","url":"https:\/\/www.annadea.cz\/prace-s-lidmi\/","datePublished":"2019-11-15","dateModified":"2023-04-29","mainEntityOfPage":"https:\/\/www.annadea.cz\/prace-s-lidmi\/","author":{"@type":"Person","@id":"https:\/\/www.annadea.cz\/author\/#Person","name":"","url":"https:\/\/www.annadea.cz\/author\/","identifier":1,"image":{"@type":"ImageObject","@id":"https:\/\/secure.gravatar.com\/avatar\/cbcb92d2d459f60d1dc08d6e5973c6b0ed1017e8a3b51da0599e03841cfa81e6?s=96&d=mm&r=g","url":"https:\/\/secure.gravatar.com\/avatar\/cbcb92d2d459f60d1dc08d6e5973c6b0ed1017e8a3b51da0599e03841cfa81e6?s=96&d=mm&r=g","height":96,"width":96}},"publisher":{"@type":"Organization","name":"annadea.cz","logo":{"@type":"ImageObject","@id":"\/logo.png","url":"\/logo.png","width":600,"height":60}},"image":{"@type":"ImageObject","@id":"https:\/\/www.annadea.cz\/wp-content\/uploads\/img_a369690_w1923_t1581783892.jpg","url":"https:\/\/www.annadea.cz\/wp-content\/uploads\/img_a369690_w1923_t1581783892.jpg","height":0,"width":0},"wordCount":529,"keywords":null},{"@type":"Article","@id":"https:\/\/www.annadea.cz\/radujme-se-z-radosti-nasich-deti\/","headline":"Radujme se z radosti na\u0161ich d\u011bt\u00ed","url":"https:\/\/www.annadea.cz\/radujme-se-z-radosti-nasich-deti\/","datePublished":"2019-11-06","dateModified":"2023-04-29","mainEntityOfPage":"https:\/\/www.annadea.cz\/radujme-se-z-radosti-nasich-deti\/","author":{"@type":"Person","@id":"https:\/\/www.annadea.cz\/author\/#Person","name":"","url":"https:\/\/www.annadea.cz\/author\/","identifier":1,"image":{"@type":"ImageObject","@id":"https:\/\/secure.gravatar.com\/avatar\/cbcb92d2d459f60d1dc08d6e5973c6b0ed1017e8a3b51da0599e03841cfa81e6?s=96&d=mm&r=g","url":"https:\/\/secure.gravatar.com\/avatar\/cbcb92d2d459f60d1dc08d6e5973c6b0ed1017e8a3b51da0599e03841cfa81e6?s=96&d=mm&r=g","height":96,"width":96}},"publisher":{"@type":"Organization","name":"annadea.cz","logo":{"@type":"ImageObject","@id":"\/logo.png","url":"\/logo.png","width":600,"height":60}},"image":{"@type":"ImageObject","@id":"https:\/\/www.annadea.cz\/wp-content\/uploads\/img_a376630_w4392_t1588160109.jpg","url":"https:\/\/www.annadea.cz\/wp-content\/uploads\/img_a376630_w4392_t1588160109.jpg","height":0,"width":0},"wordCount":605,"keywords":null},{"@type":"Article","@id":"https:\/\/www.annadea.cz\/jak-pecovat-o-pokozku-v-zime\/","headline":"Jak pe\u010dovat o poko\u017eku v zim\u011b","url":"https:\/\/www.annadea.cz\/jak-pecovat-o-pokozku-v-zime\/","datePublished":"2019-11-05","dateModified":"2023-04-29","mainEntityOfPage":"https:\/\/www.annadea.cz\/jak-pecovat-o-pokozku-v-zime\/","author":{"@type":"Person","@id":"https:\/\/www.annadea.cz\/author\/#Person","name":"","url":"https:\/\/www.annadea.cz\/author\/","identifier":1,"image":{"@type":"ImageObject","@id":"https:\/\/secure.gravatar.com\/avatar\/cbcb92d2d459f60d1dc08d6e5973c6b0ed1017e8a3b51da0599e03841cfa81e6?s=96&d=mm&r=g","url":"https:\/\/secure.gravatar.com\/avatar\/cbcb92d2d459f60d1dc08d6e5973c6b0ed1017e8a3b51da0599e03841cfa81e6?s=96&d=mm&r=g","height":96,"width":96}},"publisher":{"@type":"Organization","name":"annadea.cz","logo":{"@type":"ImageObject","@id":"\/logo.png","url":"\/logo.png","width":600,"height":60}},"image":{"@type":"ImageObject","@id":"https:\/\/www.annadea.cz\/wp-content\/uploads\/img_a362076_w4392_t1575057091.jpg","url":"https:\/\/www.annadea.cz\/wp-content\/uploads\/img_a362076_w4392_t1575057091.jpg","height":0,"width":0},"wordCount":493,"keywords":null},{"@type":"Article","@id":"https:\/\/www.annadea.cz\/bazenova-voda-vzdy-v-cirem-stavu\/","headline":"Baz\u00e9nov\u00e1 voda v\u017edy v \u010dir\u00e9m stavu","url":"https:\/\/www.annadea.cz\/bazenova-voda-vzdy-v-cirem-stavu\/","datePublished":"2019-09-17","dateModified":"2023-04-29","mainEntityOfPage":"https:\/\/www.annadea.cz\/bazenova-voda-vzdy-v-cirem-stavu\/","author":{"@type":"Person","@id":"https:\/\/www.annadea.cz\/author\/#Person","name":"","url":"https:\/\/www.annadea.cz\/author\/","identifier":1,"image":{"@type":"ImageObject","@id":"https:\/\/secure.gravatar.com\/avatar\/cbcb92d2d459f60d1dc08d6e5973c6b0ed1017e8a3b51da0599e03841cfa81e6?s=96&d=mm&r=g","url":"https:\/\/secure.gravatar.com\/avatar\/cbcb92d2d459f60d1dc08d6e5973c6b0ed1017e8a3b51da0599e03841cfa81e6?s=96&d=mm&r=g","height":96,"width":96}},"publisher":{"@type":"Organization","name":"annadea.cz","logo":{"@type":"ImageObject","@id":"\/logo.png","url":"\/logo.png","width":600,"height":60}},"image":{"@type":"ImageObject","@id":"https:\/\/www.annadea.cz\/wp-content\/uploads\/img_a351880_w1916_t1566454922.jpg","url":"https:\/\/www.annadea.cz\/wp-content\/uploads\/img_a351880_w1916_t1566454922.jpg","height":0,"width":0},"wordCount":550,"keywords":null},{"@type":"Article","@id":"https:\/\/www.annadea.cz\/kde-sehnat-penize\/","headline":"Kde sehnat pen\u00edze?","url":"https:\/\/www.annadea.cz\/kde-sehnat-penize\/","datePublished":"2019-09-16","dateModified":"2023-04-29","mainEntityOfPage":"https:\/\/www.annadea.cz\/kde-sehnat-penize\/","author":{"@type":"Person","@id":"https:\/\/www.annadea.cz\/author\/#Person","name":"","url":"https:\/\/www.annadea.cz\/author\/","identifier":1,"image":{"@type":"ImageObject","@id":"https:\/\/secure.gravatar.com\/avatar\/cbcb92d2d459f60d1dc08d6e5973c6b0ed1017e8a3b51da0599e03841cfa81e6?s=96&d=mm&r=g","url":"https:\/\/secure.gravatar.com\/avatar\/cbcb92d2d459f60d1dc08d6e5973c6b0ed1017e8a3b51da0599e03841cfa81e6?s=96&d=mm&r=g","height":96,"width":96}},"publisher":{"@type":"Organization","name":"annadea.cz","logo":{"@type":"ImageObject","@id":"\/logo.png","url":"\/logo.png","width":600,"height":60}},"image":{"@type":"ImageObject","@id":"https:\/\/www.annadea.cz\/wp-content\/uploads\/img_a363620_w1899_t1576392226.jpg","url":"https:\/\/www.annadea.cz\/wp-content\/uploads\/img_a363620_w1899_t1576392226.jpg","height":0,"width":0},"wordCount":614,"keywords":null},{"@type":"Article","@id":"https:\/\/www.annadea.cz\/nabidka-zasuvek-a-vypinacu-ze-ktere-je-radost-vybirat\/","headline":"Nab\u00eddka z\u00e1suvek a vyp\u00edna\u010d\u016f, ze kter\u00e9 je radost vyb\u00edrat","url":"https:\/\/www.annadea.cz\/nabidka-zasuvek-a-vypinacu-ze-ktere-je-radost-vybirat\/","datePublished":"2019-08-21","dateModified":"2023-04-29","mainEntityOfPage":"https:\/\/www.annadea.cz\/nabidka-zasuvek-a-vypinacu-ze-ktere-je-radost-vybirat\/","author":{"@type":"Person","@id":"https:\/\/www.annadea.cz\/author\/#Person","name":"","url":"https:\/\/www.annadea.cz\/author\/","identifier":1,"image":{"@type":"ImageObject","@id":"https:\/\/secure.gravatar.com\/avatar\/cbcb92d2d459f60d1dc08d6e5973c6b0ed1017e8a3b51da0599e03841cfa81e6?s=96&d=mm&r=g","url":"https:\/\/secure.gravatar.com\/avatar\/cbcb92d2d459f60d1dc08d6e5973c6b0ed1017e8a3b51da0599e03841cfa81e6?s=96&d=mm&r=g","height":96,"width":96}},"publisher":{"@type":"Organization","name":"annadea.cz","logo":{"@type":"ImageObject","@id":"\/logo.png","url":"\/logo.png","width":600,"height":60}},"image":{"@type":"ImageObject","@id":"https:\/\/www.annadea.cz\/wp-content\/uploads\/img_a363151_w4392_t1575974421.jpg","url":"https:\/\/www.annadea.cz\/wp-content\/uploads\/img_a363151_w4392_t1575974421.jpg","height":0,"width":0},"wordCount":504,"keywords":null},{"@type":"Article","@id":"https:\/\/www.annadea.cz\/stehovani-v-pohode-a-bez-komplikaci\/","headline":"St\u011bhov\u00e1n\u00ed v pohod\u011b a bez komplikac\u00ed","url":"https:\/\/www.annadea.cz\/stehovani-v-pohode-a-bez-komplikaci\/","datePublished":"2019-08-20","dateModified":"2019-08-20","mainEntityOfPage":"https:\/\/www.annadea.cz\/stehovani-v-pohode-a-bez-komplikaci\/","author":{"@type":"Person","@id":"https:\/\/www.annadea.cz\/author\/#Person","name":"","url":"https:\/\/www.annadea.cz\/author\/","identifier":1,"image":{"@type":"ImageObject","@id":"https:\/\/secure.gravatar.com\/avatar\/cbcb92d2d459f60d1dc08d6e5973c6b0ed1017e8a3b51da0599e03841cfa81e6?s=96&d=mm&r=g","url":"https:\/\/secure.gravatar.com\/avatar\/cbcb92d2d459f60d1dc08d6e5973c6b0ed1017e8a3b51da0599e03841cfa81e6?s=96&d=mm&r=g","height":96,"width":96}},"publisher":{"@type":"Organization","name":"annadea.cz","logo":{"@type":"ImageObject","@id":"\/logo.png","url":"\/logo.png","width":600,"height":60}},"image":{"@type":"ImageObject","@id":"https:\/\/www.annadea.cz\/wp-content\/uploads\/img_a364022_w1929_t1576746263.jpg","url":"https:\/\/www.annadea.cz\/wp-content\/uploads\/img_a364022_w1929_t1576746263.jpg","height":0,"width":0},"wordCount":587,"keywords":null},{"@type":"Article","@id":"https:\/\/www.annadea.cz\/strasak-jmenem-vybita-autobaterie\/","headline":"Stra\u0161\u00e1k jm\u00e9nem vybit\u00e1 autobaterie","url":"https:\/\/www.annadea.cz\/strasak-jmenem-vybita-autobaterie\/","datePublished":"2019-08-11","dateModified":"2023-04-29","mainEntityOfPage":"https:\/\/www.annadea.cz\/strasak-jmenem-vybita-autobaterie\/","author":{"@type":"Person","@id":"https:\/\/www.annadea.cz\/author\/#Person","name":"","url":"https:\/\/www.annadea.cz\/author\/","identifier":1,"image":{"@type":"ImageObject","@id":"https:\/\/secure.gravatar.com\/avatar\/cbcb92d2d459f60d1dc08d6e5973c6b0ed1017e8a3b51da0599e03841cfa81e6?s=96&d=mm&r=g","url":"https:\/\/secure.gravatar.com\/avatar\/cbcb92d2d459f60d1dc08d6e5973c6b0ed1017e8a3b51da0599e03841cfa81e6?s=96&d=mm&r=g","height":96,"width":96}},"publisher":{"@type":"Organization","name":"annadea.cz","logo":{"@type":"ImageObject","@id":"\/logo.png","url":"\/logo.png","width":600,"height":60}},"image":{"@type":"ImageObject","@id":"https:\/\/www.annadea.cz\/wp-content\/uploads\/img_a351592_w2911_t1566123877.jpg","url":"https:\/\/www.annadea.cz\/wp-content\/uploads\/img_a351592_w2911_t1566123877.jpg","height":0,"width":0},"wordCount":4466,"keywords":null}]},{"@context":"https:\/\/schema.org","@type":"WebSite","@id":"https:\/\/www.annadea.cz\/#website","name":"Annadea","url":"https:\/\/www.annadea.cz","potentialAction":{"@type":"SearchAction","target":"https:\/\/www.annadea.cz\/?s={search_term_string}","query-input":"required name=search_term_string"}}]