[{"@context":"https:\/\/schema.org\/","@type":"Article","@id":"https:\/\/www.annadea.cz\/staci-tyden-dovolene\/#Article","mainEntityOfPage":"https:\/\/www.annadea.cz\/staci-tyden-dovolene\/","headline":"Sta\u010d\u00ed t\u00fdden dovolen\u00e9?","name":"Sta\u010d\u00ed t\u00fdden dovolen\u00e9?","description":"N\u011bkte\u0159\u00ed lid\u00e9 maj\u00ed v\u00a0zam\u011bstn\u00e1n\u00ed 20 dn\u016f dovolen\u00e9 a n\u011bkdo m\u00e1 25 z\u00e1le\u017e\u00ed na tom u jak\u00e9 firmy pracuj\u00ed. Ka\u017ed\u00fd pot\u0159ebuje restart a odpo\u010dinek jen\u017ee kdy\u017e dostaneme t\u00fdden dovolen\u00e9 tak mus\u00edme myslet i na to \u017ee pot\u0159ebujeme ud\u011blat n\u011bjak\u00e9 v\u011bci doma pokud m\u00e1me d\u011bti tak se hlavn\u011b v\u011bnovat i jim, a to n\u00e1m moc \u010dasu na [&hellip;]","datePublished":"2020-02-19","dateModified":"2023-04-29","author":{"@type":"Person","@id":"https:\/\/www.annadea.cz\/author\/#Person","name":"","url":"https:\/\/www.annadea.cz\/author\/","identifier":1,"image":{"@type":"ImageObject","@id":"https:\/\/secure.gravatar.com\/avatar\/cbcb92d2d459f60d1dc08d6e5973c6b0ed1017e8a3b51da0599e03841cfa81e6?s=96&d=mm&r=g","url":"https:\/\/secure.gravatar.com\/avatar\/cbcb92d2d459f60d1dc08d6e5973c6b0ed1017e8a3b51da0599e03841cfa81e6?s=96&d=mm&r=g","height":96,"width":96}},"publisher":{"@type":"Organization","name":"annadea.cz","logo":{"@type":"ImageObject","@id":"\/logo.png","url":"\/logo.png","width":600,"height":60}},"image":{"@type":"ImageObject","@id":"https:\/\/www.annadea.cz\/wp-content\/uploads\/img_a371627_w3770_t1582967231.jpg","url":"https:\/\/www.annadea.cz\/wp-content\/uploads\/img_a371627_w3770_t1582967231.jpg","height":0,"width":0},"url":"https:\/\/www.annadea.cz\/staci-tyden-dovolene\/","about":["Dovolen\u00e1"],"wordCount":458,"articleBody":"N\u011bkte\u0159\u00ed lid\u00e9 maj\u00ed v\u00a0zam\u011bstn\u00e1n\u00ed 20 dn\u016f dovolen\u00e9 a n\u011bkdo m\u00e1 25 z\u00e1le\u017e\u00ed na tom u jak\u00e9 firmy pracuj\u00ed. Ka\u017ed\u00fd pot\u0159ebuje restart a odpo\u010dinek jen\u017ee kdy\u017e dostaneme t\u00fdden dovolen\u00e9 tak mus\u00edme myslet i na to \u017ee pot\u0159ebujeme ud\u011blat n\u011bjak\u00e9 v\u011bci doma pokud m\u00e1me d\u011bti tak se hlavn\u011b v\u011bnovat i jim, a to n\u00e1m moc \u010dasu na odpo\u010dinek nezb\u00fdv\u00e1. Kdy\u017e nem\u00e1me \u017e\u00e1dn\u00e9 z\u00e1vazky a \u017eijeme sami nebo jen s\u00a0p\u0159\u00edtelem nebo man\u017eelem tak m\u016f\u017eeme vyjet na v\u00fdlety nebo na prodlou\u017een\u00fd v\u00edkend kter\u00fd si u\u017eijeme podle na\u0161ich p\u0159edstav. Mysl\u00edm si, \u017ee je to nejlep\u0161\u00ed relax, kter\u00fd pot\u0159ebujeme m\u00e1me zaji\u0161t\u011bnou stravu i ubytov\u00e1n\u00ed m\u016f\u017eeme vyu\u017e\u00edt v\u00ed\u0159ivku, saunu nebo mas\u00e1\u017ee a nemus\u00edme se o nic starat my. Kdo by necht\u011bl takovou dovolenou?\u00a0Kdy\u017e m\u00e1me rodinu je jasn\u00e9, \u017ee na takov\u00fd luxus nem\u00e1me n\u00e1rok, proto\u017ee d\u011bti jsou na prvn\u00edm m\u00edst\u011b a v\u0161echen voln\u00fd \u010das se sna\u017e\u00edme v\u011bnovat jim. I s\u00a0nimi si to ale m\u016f\u017eeme u\u017e\u00edt na plno. Proch\u00e1zky s\u00a0ko\u010d\u00e1rkem, pokud je miminko m\u016f\u017ee b\u00fdt fajn j\u00edt jen p\u0159\u00edrodou a vychutn\u00e1vat si kr\u00e1sn\u00e9 po\u010das\u00ed t\u0159eba se sluch\u00e1tky v\u00a0u\u0161\u00edch. S\u00a0v\u011bt\u0161\u00edmi d\u011btmi m\u00e1me v\u00edce mo\u017enost\u00ed t\u0159eba jet do aquaparku kde se vy\u0159\u00e1d\u00ed ve vod\u011b nebo do zoo kde sleduj\u00ed zv\u00ed\u0159ata a nemaj\u00ed \u010das, aby po n\u00e1s po\u0159\u00e1d n\u011bco cht\u011bli. Pokud m\u00e1me pod okny p\u00edskovi\u0161t\u011b a jsou ve v\u011bku kdy m\u016f\u017eou j\u00edt sami ven tak nejlep\u0161\u00ed varianta je, aby si \u0161li hr\u00e1t s\u00a0kamar\u00e1dy my je m\u00e1me pod dohledem a m\u00e1me \u010das pro sebe na \u00faklid nebo uva\u0159it ob\u011bd.\u00a0Jak to ale m\u00e1me v\u0161e stihnout za jeden t\u00fdden je ot\u00e1zka. \u0158\u00edk\u00e1 se, \u017ee dovolen\u00e1 je na to abychom si odpo\u010dinuli a nabili novou energii, ale kdy\u017e p\u016fl t\u00fddne v\u011bnujeme \u00faklidu a ka\u017ed\u00fd den va\u0159\u00edme a star\u00e1me se o rodinu je to t\u011b\u017ek\u00e9 ale n\u011bkdo i tohle m\u016f\u017ee vn\u00edmat jako odpo\u010dinek a nepot\u0159ebuje b\u00fdt s\u00e1m. Kdy\u017e si to dob\u0159e rozvrhneme tak stihneme i to co jsme necht\u011bli a budeme m\u00edt alespo\u0148 radost. Samoz\u0159ejm\u011b \u017ee ka\u017ed\u00fd to m\u00e1 jinak a u\u017e\u00edv\u00e1me si to podle n\u00e1s, ale mus\u00edme myslet hlavn\u011b na sebe abychom se nezhroutili.\u00a0                                                                                                                                                                                                                                                                                                                                                                                        4.2\/5 - (9 votes)        "},{"@context":"https:\/\/schema.org\/","@type":"BreadcrumbList","itemListElement":[{"@type":"ListItem","position":1,"name":"Sta\u010d\u00ed t\u00fdden dovolen\u00e9?","item":"https:\/\/www.annadea.cz\/staci-tyden-dovolene\/#breadcrumbitem"}]}]